{"id":2138,"date":"2025-10-20T11:25:48","date_gmt":"2025-10-20T08:25:48","guid":{"rendered":"https:\/\/www.plaanb.ee\/ru\/?p=2138"},"modified":"2025-11-04T12:25:42","modified_gmt":"2025-11-04T09:25:42","slug":"taname-plaan-b-toetajaid-ja-ka-vaenlasi","status":"publish","type":"post","link":"https:\/\/plaanb.ee\/ru\/2025\/10\/taname-plaan-b-toetajaid-ja-ka-vaenlasi\/","title":{"rendered":"T\u00e4name Plaan B toetajaid ja ka vaenlasi!"},"content":{"rendered":"\n<p><img loading=\"lazy\" decoding=\"async\" height=\"16\" width=\"16\" src=\"https:\/\/static.xx.fbcdn.net\/images\/emoji.php\/v9\/t6c\/1\/16\/2764.png\" alt=\"\u2764\ufe0f\">&nbsp;T\u00e4name k\u00f5iki Plaan B s\u00f5pru (ja ka vaenlasi). V\u00f5itleme edasi Eesti eest!<\/p>\n\n\n\n<p><a href=\"https:\/\/fb.watch\/CRFegOt2HR\/\">Vaata postitust Andro Roosi Facebookis.<\/a><\/p>\n","protected":false},"excerpt":{"rendered":"<p>&nbsp;T\u00e4name k\u00f5iki Plaan B s\u00f5pru (ja ka vaenlasi). V\u00f5itleme edasi Eesti eest! Vaata postitust Andro Roosi Facebookis.<\/p>\n","protected":false},"author":1,"featured_media":1918,"comment_status":"closed","ping_status":"closed","sticky":false,"template":"","format":"standard","meta":{"footnotes":""},"categories":[78,103,6,8,87,91,89],"tags":[13],"class_list":["post-2138","post","type-post","status-publish","format-standard","has-post-thumbnail","hentry","category-eesti","category-plaanb","category-syndmused","category-toimunud-syndmused","category-valimised","category-varia","category-vene","tag-andro-roos"],"yoast_head":"<!-- This site is optimized with the Yoast SEO plugin v26.2 - https:\/\/yoast.com\/wordpress\/plugins\/seo\/ -->\n<title>T\u00e4name Plaan B toetajaid ja ka vaenlasi! - \u041f\u043b\u0430\u043d B \u043f\u0430\u0440\u0442\u0438\u044f<\/title>\n<meta name=\"robots\" content=\"index, follow, max-snippet:-1, max-image-preview:large, max-video-preview:-1\" \/>\n<link rel=\"canonical\" href=\"https:\/\/www.plaanb.ee\/ru\/2025\/10\/taname-plaan-b-toetajaid-ja-ka-vaenlasi\/\" \/>\n<meta property=\"og:locale\" content=\"et_EE\" \/>\n<meta property=\"og:type\" content=\"article\" \/>\n<meta property=\"og:title\" content=\"T\u00e4name Plaan B toetajaid ja ka vaenlasi! - \u041f\u043b\u0430\u043d B \u043f\u0430\u0440\u0442\u0438\u044f\" \/>\n<meta property=\"og:description\" content=\"&nbsp;T\u00e4name k\u00f5iki Plaan B s\u00f5pru (ja ka vaenlasi). V\u00f5itleme edasi Eesti eest! Vaata postitust Andro Roosi Facebookis.\" \/>\n<meta property=\"og:url\" content=\"https:\/\/www.plaanb.ee\/ru\/2025\/10\/taname-plaan-b-toetajaid-ja-ka-vaenlasi\/\" \/>\n<meta property=\"og:site_name\" content=\"\u041f\u043b\u0430\u043d B \u043f\u0430\u0440\u0442\u0438\u044f\" \/>\n<meta property=\"article:published_time\" content=\"2025-10-20T08:25:48+00:00\" \/>\n<meta property=\"article:modified_time\" content=\"2025-11-04T09:25:42+00:00\" \/>\n<meta property=\"og:image\" content=\"https:\/\/www.plaanb.ee\/ru\/wp-content\/uploads\/2025\/08\/liitu-plaanbga-1.jpg\" \/>\n\t<meta property=\"og:image:width\" content=\"960\" \/>\n\t<meta property=\"og:image:height\" content=\"1280\" \/>\n\t<meta property=\"og:image:type\" content=\"image\/jpeg\" \/>\n<meta name=\"author\" content=\"Adm1n\" \/>\n<meta name=\"twitter:card\" content=\"summary_large_image\" \/>\n<meta name=\"twitter:label1\" content=\"Written by\" \/>\n\t<meta name=\"twitter:data1\" content=\"Adm1n\" \/>\n\t<meta name=\"twitter:label2\" content=\"Est. reading time\" \/>\n\t<meta name=\"twitter:data2\" content=\"1 minut\" \/>\n<script type=\"application\/ld+json\" class=\"yoast-schema-graph\">{\"@context\":\"https:\/\/schema.org\",\"@graph\":[{\"@type\":\"Article\",\"@id\":\"https:\/\/www.plaanb.ee\/ru\/2025\/10\/taname-plaan-b-toetajaid-ja-ka-vaenlasi\/#article\",\"isPartOf\":{\"@id\":\"https:\/\/www.plaanb.ee\/ru\/2025\/10\/taname-plaan-b-toetajaid-ja-ka-vaenlasi\/\"},\"author\":{\"name\":\"Adm1n\",\"@id\":\"https:\/\/plaanb.ee\/ru\/#\/schema\/person\/cd9899e12615cd422523db48fcb0e03a\"},\"headline\":\"T\u00e4name Plaan B toetajaid ja ka vaenlasi!\",\"datePublished\":\"2025-10-20T08:25:48+00:00\",\"dateModified\":\"2025-11-04T09:25:42+00:00\",\"mainEntityOfPage\":{\"@id\":\"https:\/\/www.plaanb.ee\/ru\/2025\/10\/taname-plaan-b-toetajaid-ja-ka-vaenlasi\/\"},\"wordCount\":30,\"publisher\":{\"@id\":\"https:\/\/plaanb.ee\/ru\/#organization\"},\"image\":{\"@id\":\"https:\/\/www.plaanb.ee\/ru\/2025\/10\/taname-plaan-b-toetajaid-ja-ka-vaenlasi\/#primaryimage\"},\"thumbnailUrl\":\"https:\/\/plaanb.ee\/ru\/wp-content\/uploads\/2025\/08\/liitu-plaanbga-1.jpg\",\"keywords\":[\"Andro Roos\"],\"articleSection\":[\"Eesti\",\"PlaanB\",\"S\u00fcndmused\",\"Toimunud\",\"Valimised\",\"Varia\",\"Vene\"],\"inLanguage\":\"et\"},{\"@type\":\"WebPage\",\"@id\":\"https:\/\/www.plaanb.ee\/ru\/2025\/10\/taname-plaan-b-toetajaid-ja-ka-vaenlasi\/\",\"url\":\"https:\/\/www.plaanb.ee\/ru\/2025\/10\/taname-plaan-b-toetajaid-ja-ka-vaenlasi\/\",\"name\":\"T\u00e4name Plaan B toetajaid ja ka vaenlasi! - \u041f\u043b\u0430\u043d B \u043f\u0430\u0440\u0442\u0438\u044f\",\"isPartOf\":{\"@id\":\"https:\/\/plaanb.ee\/ru\/#website\"},\"primaryImageOfPage\":{\"@id\":\"https:\/\/www.plaanb.ee\/ru\/2025\/10\/taname-plaan-b-toetajaid-ja-ka-vaenlasi\/#primaryimage\"},\"image\":{\"@id\":\"https:\/\/www.plaanb.ee\/ru\/2025\/10\/taname-plaan-b-toetajaid-ja-ka-vaenlasi\/#primaryimage\"},\"thumbnailUrl\":\"https:\/\/plaanb.ee\/ru\/wp-content\/uploads\/2025\/08\/liitu-plaanbga-1.jpg\",\"datePublished\":\"2025-10-20T08:25:48+00:00\",\"dateModified\":\"2025-11-04T09:25:42+00:00\",\"breadcrumb\":{\"@id\":\"https:\/\/www.plaanb.ee\/ru\/2025\/10\/taname-plaan-b-toetajaid-ja-ka-vaenlasi\/#breadcrumb\"},\"inLanguage\":\"et\",\"potentialAction\":[{\"@type\":\"ReadAction\",\"target\":[\"https:\/\/www.plaanb.ee\/ru\/2025\/10\/taname-plaan-b-toetajaid-ja-ka-vaenlasi\/\"]}]},{\"@type\":\"ImageObject\",\"inLanguage\":\"et\",\"@id\":\"https:\/\/www.plaanb.ee\/ru\/2025\/10\/taname-plaan-b-toetajaid-ja-ka-vaenlasi\/#primaryimage\",\"url\":\"https:\/\/plaanb.ee\/ru\/wp-content\/uploads\/2025\/08\/liitu-plaanbga-1.jpg\",\"contentUrl\":\"https:\/\/plaanb.ee\/ru\/wp-content\/uploads\/2025\/08\/liitu-plaanbga-1.jpg\",\"width\":960,\"height\":1280},{\"@type\":\"BreadcrumbList\",\"@id\":\"https:\/\/www.plaanb.ee\/ru\/2025\/10\/taname-plaan-b-toetajaid-ja-ka-vaenlasi\/#breadcrumb\",\"itemListElement\":[{\"@type\":\"ListItem\",\"position\":1,\"name\":\"Home\",\"item\":\"https:\/\/plaanb.ee\/ru\/\"},{\"@type\":\"ListItem\",\"position\":2,\"name\":\"T\u00e4name Plaan B toetajaid ja ka vaenlasi!\"}]},{\"@type\":\"WebSite\",\"@id\":\"https:\/\/plaanb.ee\/ru\/#website\",\"url\":\"https:\/\/plaanb.ee\/ru\/\",\"name\":\"\u041f\u043b\u0430\u043d B \u043f\u0430\u0440\u0442\u0438\u044f\",\"description\":\"\u041f\u043b\u0430\u043d B - \u044d\u0442\u043e \u043d\u0435 \u043f\u0440\u043e\u0441\u0442\u043e \u043f\u0430\u0440\u0442\u0438\u044f\",\"publisher\":{\"@id\":\"https:\/\/plaanb.ee\/ru\/#organization\"},\"potentialAction\":[{\"@type\":\"SearchAction\",\"target\":{\"@type\":\"EntryPoint\",\"urlTemplate\":\"https:\/\/plaanb.ee\/ru\/?s={search_term_string}\"},\"query-input\":{\"@type\":\"PropertyValueSpecification\",\"valueRequired\":true,\"valueName\":\"search_term_string\"}}],\"inLanguage\":\"et\"},{\"@type\":\"Organization\",\"@id\":\"https:\/\/plaanb.ee\/ru\/#organization\",\"name\":\"\u041f\u043b\u0430\u043d B \u043f\u0430\u0440\u0442\u0438\u044f\",\"url\":\"https:\/\/plaanb.ee\/ru\/\",\"logo\":{\"@type\":\"ImageObject\",\"inLanguage\":\"et\",\"@id\":\"https:\/\/plaanb.ee\/ru\/#\/schema\/logo\/image\/\",\"url\":\"https:\/\/plaanb.ee\/ru\/wp-content\/uploads\/2025\/08\/plaanb_logo_eestile_2025.webp\",\"contentUrl\":\"https:\/\/plaanb.ee\/ru\/wp-content\/uploads\/2025\/08\/plaanb_logo_eestile_2025.webp\",\"width\":1234,\"height\":392,\"caption\":\"\u041f\u043b\u0430\u043d B \u043f\u0430\u0440\u0442\u0438\u044f\"},\"image\":{\"@id\":\"https:\/\/plaanb.ee\/ru\/#\/schema\/logo\/image\/\"}},{\"@type\":\"Person\",\"@id\":\"https:\/\/plaanb.ee\/ru\/#\/schema\/person\/cd9899e12615cd422523db48fcb0e03a\",\"name\":\"Adm1n\",\"image\":{\"@type\":\"ImageObject\",\"inLanguage\":\"et\",\"@id\":\"https:\/\/plaanb.ee\/ru\/#\/schema\/person\/image\/\",\"url\":\"https:\/\/secure.gravatar.com\/avatar\/de83c5ed8fd361be9ecd21b60979395f6f564ace188bdee879b9867e6525fc34?s=96&d=identicon&r=g\",\"contentUrl\":\"https:\/\/secure.gravatar.com\/avatar\/de83c5ed8fd361be9ecd21b60979395f6f564ace188bdee879b9867e6525fc34?s=96&d=identicon&r=g\",\"caption\":\"Adm1n\"},\"sameAs\":[\"https:\/\/www.plaanb.ee\/ru\"],\"url\":\"https:\/\/plaanb.ee\/ru\/author\/adm1n\/\"}]}<\/script>\n<!-- \/ Yoast SEO plugin. -->","yoast_head_json":{"title":"T\u00e4name Plaan B toetajaid ja ka vaenlasi! - \u041f\u043b\u0430\u043d B \u043f\u0430\u0440\u0442\u0438\u044f","robots":{"index":"index","follow":"follow","max-snippet":"max-snippet:-1","max-image-preview":"max-image-preview:large","max-video-preview":"max-video-preview:-1"},"canonical":"https:\/\/www.plaanb.ee\/ru\/2025\/10\/taname-plaan-b-toetajaid-ja-ka-vaenlasi\/","og_locale":"et_EE","og_type":"article","og_title":"T\u00e4name Plaan B toetajaid ja ka vaenlasi! - \u041f\u043b\u0430\u043d B \u043f\u0430\u0440\u0442\u0438\u044f","og_description":"&nbsp;T\u00e4name k\u00f5iki Plaan B s\u00f5pru (ja ka vaenlasi). V\u00f5itleme edasi Eesti eest! Vaata postitust Andro Roosi Facebookis.","og_url":"https:\/\/www.plaanb.ee\/ru\/2025\/10\/taname-plaan-b-toetajaid-ja-ka-vaenlasi\/","og_site_name":"\u041f\u043b\u0430\u043d B \u043f\u0430\u0440\u0442\u0438\u044f","article_published_time":"2025-10-20T08:25:48+00:00","article_modified_time":"2025-11-04T09:25:42+00:00","og_image":[{"width":960,"height":1280,"url":"https:\/\/www.plaanb.ee\/ru\/wp-content\/uploads\/2025\/08\/liitu-plaanbga-1.jpg","type":"image\/jpeg"}],"author":"Adm1n","twitter_card":"summary_large_image","twitter_misc":{"Written by":"Adm1n","Est. reading time":"1 minut"},"schema":{"@context":"https:\/\/schema.org","@graph":[{"@type":"Article","@id":"https:\/\/www.plaanb.ee\/ru\/2025\/10\/taname-plaan-b-toetajaid-ja-ka-vaenlasi\/#article","isPartOf":{"@id":"https:\/\/www.plaanb.ee\/ru\/2025\/10\/taname-plaan-b-toetajaid-ja-ka-vaenlasi\/"},"author":{"name":"Adm1n","@id":"https:\/\/plaanb.ee\/ru\/#\/schema\/person\/cd9899e12615cd422523db48fcb0e03a"},"headline":"T\u00e4name Plaan B toetajaid ja ka vaenlasi!","datePublished":"2025-10-20T08:25:48+00:00","dateModified":"2025-11-04T09:25:42+00:00","mainEntityOfPage":{"@id":"https:\/\/www.plaanb.ee\/ru\/2025\/10\/taname-plaan-b-toetajaid-ja-ka-vaenlasi\/"},"wordCount":30,"publisher":{"@id":"https:\/\/plaanb.ee\/ru\/#organization"},"image":{"@id":"https:\/\/www.plaanb.ee\/ru\/2025\/10\/taname-plaan-b-toetajaid-ja-ka-vaenlasi\/#primaryimage"},"thumbnailUrl":"https:\/\/plaanb.ee\/ru\/wp-content\/uploads\/2025\/08\/liitu-plaanbga-1.jpg","keywords":["Andro Roos"],"articleSection":["Eesti","PlaanB","S\u00fcndmused","Toimunud","Valimised","Varia","Vene"],"inLanguage":"et"},{"@type":"WebPage","@id":"https:\/\/www.plaanb.ee\/ru\/2025\/10\/taname-plaan-b-toetajaid-ja-ka-vaenlasi\/","url":"https:\/\/www.plaanb.ee\/ru\/2025\/10\/taname-plaan-b-toetajaid-ja-ka-vaenlasi\/","name":"T\u00e4name Plaan B toetajaid ja ka vaenlasi! - \u041f\u043b\u0430\u043d B \u043f\u0430\u0440\u0442\u0438\u044f","isPartOf":{"@id":"https:\/\/plaanb.ee\/ru\/#website"},"primaryImageOfPage":{"@id":"https:\/\/www.plaanb.ee\/ru\/2025\/10\/taname-plaan-b-toetajaid-ja-ka-vaenlasi\/#primaryimage"},"image":{"@id":"https:\/\/www.plaanb.ee\/ru\/2025\/10\/taname-plaan-b-toetajaid-ja-ka-vaenlasi\/#primaryimage"},"thumbnailUrl":"https:\/\/plaanb.ee\/ru\/wp-content\/uploads\/2025\/08\/liitu-plaanbga-1.jpg","datePublished":"2025-10-20T08:25:48+00:00","dateModified":"2025-11-04T09:25:42+00:00","breadcrumb":{"@id":"https:\/\/www.plaanb.ee\/ru\/2025\/10\/taname-plaan-b-toetajaid-ja-ka-vaenlasi\/#breadcrumb"},"inLanguage":"et","potentialAction":[{"@type":"ReadAction","target":["https:\/\/www.plaanb.ee\/ru\/2025\/10\/taname-plaan-b-toetajaid-ja-ka-vaenlasi\/"]}]},{"@type":"ImageObject","inLanguage":"et","@id":"https:\/\/www.plaanb.ee\/ru\/2025\/10\/taname-plaan-b-toetajaid-ja-ka-vaenlasi\/#primaryimage","url":"https:\/\/plaanb.ee\/ru\/wp-content\/uploads\/2025\/08\/liitu-plaanbga-1.jpg","contentUrl":"https:\/\/plaanb.ee\/ru\/wp-content\/uploads\/2025\/08\/liitu-plaanbga-1.jpg","width":960,"height":1280},{"@type":"BreadcrumbList","@id":"https:\/\/www.plaanb.ee\/ru\/2025\/10\/taname-plaan-b-toetajaid-ja-ka-vaenlasi\/#breadcrumb","itemListElement":[{"@type":"ListItem","position":1,"name":"Home","item":"https:\/\/plaanb.ee\/ru\/"},{"@type":"ListItem","position":2,"name":"T\u00e4name Plaan B toetajaid ja ka vaenlasi!"}]},{"@type":"WebSite","@id":"https:\/\/plaanb.ee\/ru\/#website","url":"https:\/\/plaanb.ee\/ru\/","name":"\u041f\u043b\u0430\u043d B \u043f\u0430\u0440\u0442\u0438\u044f","description":"\u041f\u043b\u0430\u043d B - \u044d\u0442\u043e \u043d\u0435 \u043f\u0440\u043e\u0441\u0442\u043e \u043f\u0430\u0440\u0442\u0438\u044f","publisher":{"@id":"https:\/\/plaanb.ee\/ru\/#organization"},"potentialAction":[{"@type":"SearchAction","target":{"@type":"EntryPoint","urlTemplate":"https:\/\/plaanb.ee\/ru\/?s={search_term_string}"},"query-input":{"@type":"PropertyValueSpecification","valueRequired":true,"valueName":"search_term_string"}}],"inLanguage":"et"},{"@type":"Organization","@id":"https:\/\/plaanb.ee\/ru\/#organization","name":"\u041f\u043b\u0430\u043d B \u043f\u0430\u0440\u0442\u0438\u044f","url":"https:\/\/plaanb.ee\/ru\/","logo":{"@type":"ImageObject","inLanguage":"et","@id":"https:\/\/plaanb.ee\/ru\/#\/schema\/logo\/image\/","url":"https:\/\/plaanb.ee\/ru\/wp-content\/uploads\/2025\/08\/plaanb_logo_eestile_2025.webp","contentUrl":"https:\/\/plaanb.ee\/ru\/wp-content\/uploads\/2025\/08\/plaanb_logo_eestile_2025.webp","width":1234,"height":392,"caption":"\u041f\u043b\u0430\u043d B \u043f\u0430\u0440\u0442\u0438\u044f"},"image":{"@id":"https:\/\/plaanb.ee\/ru\/#\/schema\/logo\/image\/"}},{"@type":"Person","@id":"https:\/\/plaanb.ee\/ru\/#\/schema\/person\/cd9899e12615cd422523db48fcb0e03a","name":"Adm1n","image":{"@type":"ImageObject","inLanguage":"et","@id":"https:\/\/plaanb.ee\/ru\/#\/schema\/person\/image\/","url":"https:\/\/secure.gravatar.com\/avatar\/de83c5ed8fd361be9ecd21b60979395f6f564ace188bdee879b9867e6525fc34?s=96&d=identicon&r=g","contentUrl":"https:\/\/secure.gravatar.com\/avatar\/de83c5ed8fd361be9ecd21b60979395f6f564ace188bdee879b9867e6525fc34?s=96&d=identicon&r=g","caption":"Adm1n"},"sameAs":["https:\/\/www.plaanb.ee\/ru"],"url":"https:\/\/plaanb.ee\/ru\/author\/adm1n\/"}]}},"_links":{"self":[{"href":"https:\/\/plaanb.ee\/ru\/wp-json\/wp\/v2\/posts\/2138","targetHints":{"allow":["GET"]}}],"collection":[{"href":"https:\/\/plaanb.ee\/ru\/wp-json\/wp\/v2\/posts"}],"about":[{"href":"https:\/\/plaanb.ee\/ru\/wp-json\/wp\/v2\/types\/post"}],"author":[{"embeddable":true,"href":"https:\/\/plaanb.ee\/ru\/wp-json\/wp\/v2\/users\/1"}],"replies":[{"embeddable":true,"href":"https:\/\/plaanb.ee\/ru\/wp-json\/wp\/v2\/comments?post=2138"}],"version-history":[{"count":1,"href":"https:\/\/plaanb.ee\/ru\/wp-json\/wp\/v2\/posts\/2138\/revisions"}],"predecessor-version":[{"id":2140,"href":"https:\/\/plaanb.ee\/ru\/wp-json\/wp\/v2\/posts\/2138\/revisions\/2140"}],"wp:featuredmedia":[{"embeddable":true,"href":"https:\/\/plaanb.ee\/ru\/wp-json\/wp\/v2\/media\/1918"}],"wp:attachment":[{"href":"https:\/\/plaanb.ee\/ru\/wp-json\/wp\/v2\/media?parent=2138"}],"wp:term":[{"taxonomy":"category","embeddable":true,"href":"https:\/\/plaanb.ee\/ru\/wp-json\/wp\/v2\/categories?post=2138"},{"taxonomy":"post_tag","embeddable":true,"href":"https:\/\/plaanb.ee\/ru\/wp-json\/wp\/v2\/tags?post=2138"}],"curies":[{"name":"wp","href":"https:\/\/api.w.org\/{rel}","templated":true}]}}