{"id":888,"date":"2025-02-24T11:00:00","date_gmt":"2025-02-24T09:00:00","guid":{"rendered":"https:\/\/plaanb.ee\/ru\/?p=888"},"modified":"2025-03-14T15:35:58","modified_gmt":"2025-03-14T13:35:58","slug":"kuidas-valitsus-ja-elering-meid-koiki-energeetiliselt-tillitab","status":"publish","type":"post","link":"https:\/\/plaanb.ee\/ru\/2025\/02\/kuidas-valitsus-ja-elering-meid-koiki-energeetiliselt-tillitab\/","title":{"rendered":"Andro Roos, Maksim Romanovit\u0161: Kuidas valitsus ja Elering meid k\u00f5iki energeetiliselt tillitab"},"content":{"rendered":"\n<p>Andro Roos, Maksim Romanovit\u0161: Kuidas valitsus ja Elering meid k\u00f5iki energeetiliselt tillitab.<\/p>\n\n\n\n<figure class=\"wp-block-embed is-type-video is-provider-youtube wp-block-embed-youtube wp-embed-aspect-16-9 wp-has-aspect-ratio\"><div class=\"wp-block-embed__wrapper\">\n<iframe loading=\"lazy\" title=\"Andro Roos, Maksim Romanovit\u0161: Kuidas valitsus ja Elering meid k\u00f5iki energeetiliselt tillitab\" width=\"500\" height=\"281\" src=\"https:\/\/www.youtube.com\/embed\/bCzKRazXjzg?feature=oembed\" frameborder=\"0\" allow=\"accelerometer; autoplay; clipboard-write; encrypted-media; gyroscope; picture-in-picture; web-share\" referrerpolicy=\"strict-origin-when-cross-origin\" allowfullscreen><\/iframe>\n<\/div><\/figure>\n","protected":false},"excerpt":{"rendered":"<p>Andro Roos, Maksim Romanovit\u0161: Kuidas valitsus ja Elering meid k\u00f5iki energeetiliselt tillitab.<\/p>\n","protected":false},"author":1,"featured_media":889,"comment_status":"open","ping_status":"open","sticky":false,"template":"","format":"standard","meta":{"footnotes":""},"categories":[78,48,82,92,81,103,31,86,1,87],"tags":[13,39],"class_list":["post-888","post","type-post","status-publish","format-standard","has-post-thumbnail","hentry","category-eesti","category-saade-eesti-kroon","category-energia","category-kohvik-plaan-b","category-majandus","category-plaanb","category-rohepoore","category-tartu-hoiu-laenuyhistu","category-uudised","category-valimised","tag-andro-roos","tag-maksim-romanovits"],"yoast_head":"<!-- This site is optimized with the Yoast SEO plugin v26.2 - https:\/\/yoast.com\/wordpress\/plugins\/seo\/ -->\n<title>Andro Roos, Maksim Romanovit\u0161: Kuidas valitsus ja Elering meid k\u00f5iki energeetiliselt tillitab - \u041f\u043b\u0430\u043d B \u043f\u0430\u0440\u0442\u0438\u044f<\/title>\n<meta name=\"description\" content=\"Andro Roos, Maksim Romanovit\u0161 saates &quot;Eesti Kroon&quot;: Kuidas valitsus ja Elering meid k\u00f5iki energeetiliselt tillitab.\" \/>\n<meta name=\"robots\" content=\"index, follow, max-snippet:-1, max-image-preview:large, max-video-preview:-1\" \/>\n<link rel=\"canonical\" href=\"https:\/\/www.plaanb.ee\/ru\/2025\/02\/kuidas-valitsus-ja-elering-meid-koiki-energeetiliselt-tillitab\/\" \/>\n<meta property=\"og:locale\" content=\"et_EE\" \/>\n<meta property=\"og:type\" content=\"article\" \/>\n<meta property=\"og:title\" content=\"Andro Roos, Maksim Romanovit\u0161: Kuidas valitsus ja Elering meid k\u00f5iki energeetiliselt tillitab - \u041f\u043b\u0430\u043d B \u043f\u0430\u0440\u0442\u0438\u044f\" \/>\n<meta property=\"og:description\" content=\"Andro Roos, Maksim Romanovit\u0161 saates &quot;Eesti Kroon&quot;: Kuidas valitsus ja Elering meid k\u00f5iki energeetiliselt tillitab.\" \/>\n<meta property=\"og:url\" content=\"https:\/\/www.plaanb.ee\/ru\/2025\/02\/kuidas-valitsus-ja-elering-meid-koiki-energeetiliselt-tillitab\/\" \/>\n<meta property=\"og:site_name\" content=\"\u041f\u043b\u0430\u043d B \u043f\u0430\u0440\u0442\u0438\u044f\" \/>\n<meta property=\"article:published_time\" content=\"2025-02-24T09:00:00+00:00\" \/>\n<meta property=\"article:modified_time\" content=\"2025-03-14T13:35:58+00:00\" \/>\n<meta property=\"og:image\" content=\"https:\/\/www.plaanb.ee\/ru\/wp-content\/uploads\/2025\/02\/ep133.jpg\" \/>\n\t<meta property=\"og:image:width\" content=\"1244\" \/>\n\t<meta property=\"og:image:height\" content=\"700\" \/>\n\t<meta property=\"og:image:type\" content=\"image\/jpeg\" \/>\n<meta name=\"author\" content=\"Adm1n\" \/>\n<meta name=\"twitter:card\" content=\"summary_large_image\" \/>\n<meta name=\"twitter:label1\" content=\"Written by\" \/>\n\t<meta name=\"twitter:data1\" content=\"Adm1n\" \/>\n\t<meta name=\"twitter:label2\" content=\"Est. reading time\" \/>\n\t<meta name=\"twitter:data2\" content=\"1 minut\" \/>\n<script type=\"application\/ld+json\" class=\"yoast-schema-graph\">{\"@context\":\"https:\/\/schema.org\",\"@graph\":[{\"@type\":\"Article\",\"@id\":\"https:\/\/www.plaanb.ee\/ru\/2025\/02\/kuidas-valitsus-ja-elering-meid-koiki-energeetiliselt-tillitab\/#article\",\"isPartOf\":{\"@id\":\"https:\/\/www.plaanb.ee\/ru\/2025\/02\/kuidas-valitsus-ja-elering-meid-koiki-energeetiliselt-tillitab\/\"},\"author\":{\"name\":\"Adm1n\",\"@id\":\"https:\/\/plaanb.ee\/ru\/#\/schema\/person\/cd9899e12615cd422523db48fcb0e03a\"},\"headline\":\"Andro Roos, Maksim Romanovit\u0161: Kuidas valitsus ja Elering meid k\u00f5iki energeetiliselt tillitab\",\"datePublished\":\"2025-02-24T09:00:00+00:00\",\"dateModified\":\"2025-03-14T13:35:58+00:00\",\"mainEntityOfPage\":{\"@id\":\"https:\/\/www.plaanb.ee\/ru\/2025\/02\/kuidas-valitsus-ja-elering-meid-koiki-energeetiliselt-tillitab\/\"},\"wordCount\":33,\"commentCount\":0,\"publisher\":{\"@id\":\"https:\/\/plaanb.ee\/ru\/#organization\"},\"image\":{\"@id\":\"https:\/\/www.plaanb.ee\/ru\/2025\/02\/kuidas-valitsus-ja-elering-meid-koiki-energeetiliselt-tillitab\/#primaryimage\"},\"thumbnailUrl\":\"https:\/\/plaanb.ee\/ru\/wp-content\/uploads\/2025\/02\/ep133.jpg\",\"keywords\":[\"Andro Roos\",\"Maksim Romanovit\u0161\"],\"articleSection\":[\"Eesti\",\"Eesti Kroon\",\"Energeetika\",\"Kohvik Plaan B\",\"Majandus\",\"PlaanB\",\"Rohep\u00f6\u00f6re\",\"Tartu HL\u00dc\",\"Uudised\",\"Valimised\"],\"inLanguage\":\"et\"},{\"@type\":\"WebPage\",\"@id\":\"https:\/\/www.plaanb.ee\/ru\/2025\/02\/kuidas-valitsus-ja-elering-meid-koiki-energeetiliselt-tillitab\/\",\"url\":\"https:\/\/www.plaanb.ee\/ru\/2025\/02\/kuidas-valitsus-ja-elering-meid-koiki-energeetiliselt-tillitab\/\",\"name\":\"Andro Roos, Maksim Romanovit\u0161: Kuidas valitsus ja Elering meid k\u00f5iki energeetiliselt tillitab - \u041f\u043b\u0430\u043d B \u043f\u0430\u0440\u0442\u0438\u044f\",\"isPartOf\":{\"@id\":\"https:\/\/plaanb.ee\/ru\/#website\"},\"primaryImageOfPage\":{\"@id\":\"https:\/\/www.plaanb.ee\/ru\/2025\/02\/kuidas-valitsus-ja-elering-meid-koiki-energeetiliselt-tillitab\/#primaryimage\"},\"image\":{\"@id\":\"https:\/\/www.plaanb.ee\/ru\/2025\/02\/kuidas-valitsus-ja-elering-meid-koiki-energeetiliselt-tillitab\/#primaryimage\"},\"thumbnailUrl\":\"https:\/\/plaanb.ee\/ru\/wp-content\/uploads\/2025\/02\/ep133.jpg\",\"datePublished\":\"2025-02-24T09:00:00+00:00\",\"dateModified\":\"2025-03-14T13:35:58+00:00\",\"description\":\"Andro Roos, Maksim Romanovit\u0161 saates \\\"Eesti Kroon\\\": Kuidas valitsus ja Elering meid k\u00f5iki energeetiliselt tillitab.\",\"breadcrumb\":{\"@id\":\"https:\/\/www.plaanb.ee\/ru\/2025\/02\/kuidas-valitsus-ja-elering-meid-koiki-energeetiliselt-tillitab\/#breadcrumb\"},\"inLanguage\":\"et\",\"potentialAction\":[{\"@type\":\"ReadAction\",\"target\":[\"https:\/\/www.plaanb.ee\/ru\/2025\/02\/kuidas-valitsus-ja-elering-meid-koiki-energeetiliselt-tillitab\/\"]}]},{\"@type\":\"ImageObject\",\"inLanguage\":\"et\",\"@id\":\"https:\/\/www.plaanb.ee\/ru\/2025\/02\/kuidas-valitsus-ja-elering-meid-koiki-energeetiliselt-tillitab\/#primaryimage\",\"url\":\"https:\/\/plaanb.ee\/ru\/wp-content\/uploads\/2025\/02\/ep133.jpg\",\"contentUrl\":\"https:\/\/plaanb.ee\/ru\/wp-content\/uploads\/2025\/02\/ep133.jpg\",\"width\":1244,\"height\":700},{\"@type\":\"BreadcrumbList\",\"@id\":\"https:\/\/www.plaanb.ee\/ru\/2025\/02\/kuidas-valitsus-ja-elering-meid-koiki-energeetiliselt-tillitab\/#breadcrumb\",\"itemListElement\":[{\"@type\":\"ListItem\",\"position\":1,\"name\":\"Home\",\"item\":\"https:\/\/plaanb.ee\/ru\/\"},{\"@type\":\"ListItem\",\"position\":2,\"name\":\"Andro Roos, Maksim Romanovit\u0161: Kuidas valitsus ja Elering meid k\u00f5iki energeetiliselt tillitab\"}]},{\"@type\":\"WebSite\",\"@id\":\"https:\/\/plaanb.ee\/ru\/#website\",\"url\":\"https:\/\/plaanb.ee\/ru\/\",\"name\":\"\u041f\u043b\u0430\u043d B \u043f\u0430\u0440\u0442\u0438\u044f\",\"description\":\"\u041f\u043b\u0430\u043d B - \u044d\u0442\u043e \u043d\u0435 \u043f\u0440\u043e\u0441\u0442\u043e \u043f\u0430\u0440\u0442\u0438\u044f\",\"publisher\":{\"@id\":\"https:\/\/plaanb.ee\/ru\/#organization\"},\"potentialAction\":[{\"@type\":\"SearchAction\",\"target\":{\"@type\":\"EntryPoint\",\"urlTemplate\":\"https:\/\/plaanb.ee\/ru\/?s={search_term_string}\"},\"query-input\":{\"@type\":\"PropertyValueSpecification\",\"valueRequired\":true,\"valueName\":\"search_term_string\"}}],\"inLanguage\":\"et\"},{\"@type\":\"Organization\",\"@id\":\"https:\/\/plaanb.ee\/ru\/#organization\",\"name\":\"\u041f\u043b\u0430\u043d B \u043f\u0430\u0440\u0442\u0438\u044f\",\"url\":\"https:\/\/plaanb.ee\/ru\/\",\"logo\":{\"@type\":\"ImageObject\",\"inLanguage\":\"et\",\"@id\":\"https:\/\/plaanb.ee\/ru\/#\/schema\/logo\/image\/\",\"url\":\"https:\/\/plaanb.ee\/ru\/wp-content\/uploads\/2025\/08\/plaanb_logo_eestile_2025.webp\",\"contentUrl\":\"https:\/\/plaanb.ee\/ru\/wp-content\/uploads\/2025\/08\/plaanb_logo_eestile_2025.webp\",\"width\":1234,\"height\":392,\"caption\":\"\u041f\u043b\u0430\u043d B \u043f\u0430\u0440\u0442\u0438\u044f\"},\"image\":{\"@id\":\"https:\/\/plaanb.ee\/ru\/#\/schema\/logo\/image\/\"}},{\"@type\":\"Person\",\"@id\":\"https:\/\/plaanb.ee\/ru\/#\/schema\/person\/cd9899e12615cd422523db48fcb0e03a\",\"name\":\"Adm1n\",\"image\":{\"@type\":\"ImageObject\",\"inLanguage\":\"et\",\"@id\":\"https:\/\/plaanb.ee\/ru\/#\/schema\/person\/image\/\",\"url\":\"https:\/\/secure.gravatar.com\/avatar\/de83c5ed8fd361be9ecd21b60979395f6f564ace188bdee879b9867e6525fc34?s=96&d=identicon&r=g\",\"contentUrl\":\"https:\/\/secure.gravatar.com\/avatar\/de83c5ed8fd361be9ecd21b60979395f6f564ace188bdee879b9867e6525fc34?s=96&d=identicon&r=g\",\"caption\":\"Adm1n\"},\"sameAs\":[\"https:\/\/www.plaanb.ee\/ru\"],\"url\":\"https:\/\/plaanb.ee\/ru\/author\/adm1n\/\"}]}<\/script>\n<!-- \/ Yoast SEO plugin. -->","yoast_head_json":{"title":"Andro Roos, Maksim Romanovit\u0161: Kuidas valitsus ja Elering meid k\u00f5iki energeetiliselt tillitab - \u041f\u043b\u0430\u043d B \u043f\u0430\u0440\u0442\u0438\u044f","description":"Andro Roos, Maksim Romanovit\u0161 saates \"Eesti Kroon\": Kuidas valitsus ja Elering meid k\u00f5iki energeetiliselt tillitab.","robots":{"index":"index","follow":"follow","max-snippet":"max-snippet:-1","max-image-preview":"max-image-preview:large","max-video-preview":"max-video-preview:-1"},"canonical":"https:\/\/www.plaanb.ee\/ru\/2025\/02\/kuidas-valitsus-ja-elering-meid-koiki-energeetiliselt-tillitab\/","og_locale":"et_EE","og_type":"article","og_title":"Andro Roos, Maksim Romanovit\u0161: Kuidas valitsus ja Elering meid k\u00f5iki energeetiliselt tillitab - \u041f\u043b\u0430\u043d B \u043f\u0430\u0440\u0442\u0438\u044f","og_description":"Andro Roos, Maksim Romanovit\u0161 saates \"Eesti Kroon\": Kuidas valitsus ja Elering meid k\u00f5iki energeetiliselt tillitab.","og_url":"https:\/\/www.plaanb.ee\/ru\/2025\/02\/kuidas-valitsus-ja-elering-meid-koiki-energeetiliselt-tillitab\/","og_site_name":"\u041f\u043b\u0430\u043d B \u043f\u0430\u0440\u0442\u0438\u044f","article_published_time":"2025-02-24T09:00:00+00:00","article_modified_time":"2025-03-14T13:35:58+00:00","og_image":[{"width":1244,"height":700,"url":"https:\/\/www.plaanb.ee\/ru\/wp-content\/uploads\/2025\/02\/ep133.jpg","type":"image\/jpeg"}],"author":"Adm1n","twitter_card":"summary_large_image","twitter_misc":{"Written by":"Adm1n","Est. reading time":"1 minut"},"schema":{"@context":"https:\/\/schema.org","@graph":[{"@type":"Article","@id":"https:\/\/www.plaanb.ee\/ru\/2025\/02\/kuidas-valitsus-ja-elering-meid-koiki-energeetiliselt-tillitab\/#article","isPartOf":{"@id":"https:\/\/www.plaanb.ee\/ru\/2025\/02\/kuidas-valitsus-ja-elering-meid-koiki-energeetiliselt-tillitab\/"},"author":{"name":"Adm1n","@id":"https:\/\/plaanb.ee\/ru\/#\/schema\/person\/cd9899e12615cd422523db48fcb0e03a"},"headline":"Andro Roos, Maksim Romanovit\u0161: Kuidas valitsus ja Elering meid k\u00f5iki energeetiliselt tillitab","datePublished":"2025-02-24T09:00:00+00:00","dateModified":"2025-03-14T13:35:58+00:00","mainEntityOfPage":{"@id":"https:\/\/www.plaanb.ee\/ru\/2025\/02\/kuidas-valitsus-ja-elering-meid-koiki-energeetiliselt-tillitab\/"},"wordCount":33,"commentCount":0,"publisher":{"@id":"https:\/\/plaanb.ee\/ru\/#organization"},"image":{"@id":"https:\/\/www.plaanb.ee\/ru\/2025\/02\/kuidas-valitsus-ja-elering-meid-koiki-energeetiliselt-tillitab\/#primaryimage"},"thumbnailUrl":"https:\/\/plaanb.ee\/ru\/wp-content\/uploads\/2025\/02\/ep133.jpg","keywords":["Andro Roos","Maksim Romanovit\u0161"],"articleSection":["Eesti","Eesti Kroon","Energeetika","Kohvik Plaan B","Majandus","PlaanB","Rohep\u00f6\u00f6re","Tartu HL\u00dc","Uudised","Valimised"],"inLanguage":"et"},{"@type":"WebPage","@id":"https:\/\/www.plaanb.ee\/ru\/2025\/02\/kuidas-valitsus-ja-elering-meid-koiki-energeetiliselt-tillitab\/","url":"https:\/\/www.plaanb.ee\/ru\/2025\/02\/kuidas-valitsus-ja-elering-meid-koiki-energeetiliselt-tillitab\/","name":"Andro Roos, Maksim Romanovit\u0161: Kuidas valitsus ja Elering meid k\u00f5iki energeetiliselt tillitab - \u041f\u043b\u0430\u043d B \u043f\u0430\u0440\u0442\u0438\u044f","isPartOf":{"@id":"https:\/\/plaanb.ee\/ru\/#website"},"primaryImageOfPage":{"@id":"https:\/\/www.plaanb.ee\/ru\/2025\/02\/kuidas-valitsus-ja-elering-meid-koiki-energeetiliselt-tillitab\/#primaryimage"},"image":{"@id":"https:\/\/www.plaanb.ee\/ru\/2025\/02\/kuidas-valitsus-ja-elering-meid-koiki-energeetiliselt-tillitab\/#primaryimage"},"thumbnailUrl":"https:\/\/plaanb.ee\/ru\/wp-content\/uploads\/2025\/02\/ep133.jpg","datePublished":"2025-02-24T09:00:00+00:00","dateModified":"2025-03-14T13:35:58+00:00","description":"Andro Roos, Maksim Romanovit\u0161 saates \"Eesti Kroon\": Kuidas valitsus ja Elering meid k\u00f5iki energeetiliselt tillitab.","breadcrumb":{"@id":"https:\/\/www.plaanb.ee\/ru\/2025\/02\/kuidas-valitsus-ja-elering-meid-koiki-energeetiliselt-tillitab\/#breadcrumb"},"inLanguage":"et","potentialAction":[{"@type":"ReadAction","target":["https:\/\/www.plaanb.ee\/ru\/2025\/02\/kuidas-valitsus-ja-elering-meid-koiki-energeetiliselt-tillitab\/"]}]},{"@type":"ImageObject","inLanguage":"et","@id":"https:\/\/www.plaanb.ee\/ru\/2025\/02\/kuidas-valitsus-ja-elering-meid-koiki-energeetiliselt-tillitab\/#primaryimage","url":"https:\/\/plaanb.ee\/ru\/wp-content\/uploads\/2025\/02\/ep133.jpg","contentUrl":"https:\/\/plaanb.ee\/ru\/wp-content\/uploads\/2025\/02\/ep133.jpg","width":1244,"height":700},{"@type":"BreadcrumbList","@id":"https:\/\/www.plaanb.ee\/ru\/2025\/02\/kuidas-valitsus-ja-elering-meid-koiki-energeetiliselt-tillitab\/#breadcrumb","itemListElement":[{"@type":"ListItem","position":1,"name":"Home","item":"https:\/\/plaanb.ee\/ru\/"},{"@type":"ListItem","position":2,"name":"Andro Roos, Maksim Romanovit\u0161: Kuidas valitsus ja Elering meid k\u00f5iki energeetiliselt tillitab"}]},{"@type":"WebSite","@id":"https:\/\/plaanb.ee\/ru\/#website","url":"https:\/\/plaanb.ee\/ru\/","name":"\u041f\u043b\u0430\u043d B \u043f\u0430\u0440\u0442\u0438\u044f","description":"\u041f\u043b\u0430\u043d B - \u044d\u0442\u043e \u043d\u0435 \u043f\u0440\u043e\u0441\u0442\u043e \u043f\u0430\u0440\u0442\u0438\u044f","publisher":{"@id":"https:\/\/plaanb.ee\/ru\/#organization"},"potentialAction":[{"@type":"SearchAction","target":{"@type":"EntryPoint","urlTemplate":"https:\/\/plaanb.ee\/ru\/?s={search_term_string}"},"query-input":{"@type":"PropertyValueSpecification","valueRequired":true,"valueName":"search_term_string"}}],"inLanguage":"et"},{"@type":"Organization","@id":"https:\/\/plaanb.ee\/ru\/#organization","name":"\u041f\u043b\u0430\u043d B \u043f\u0430\u0440\u0442\u0438\u044f","url":"https:\/\/plaanb.ee\/ru\/","logo":{"@type":"ImageObject","inLanguage":"et","@id":"https:\/\/plaanb.ee\/ru\/#\/schema\/logo\/image\/","url":"https:\/\/plaanb.ee\/ru\/wp-content\/uploads\/2025\/08\/plaanb_logo_eestile_2025.webp","contentUrl":"https:\/\/plaanb.ee\/ru\/wp-content\/uploads\/2025\/08\/plaanb_logo_eestile_2025.webp","width":1234,"height":392,"caption":"\u041f\u043b\u0430\u043d B \u043f\u0430\u0440\u0442\u0438\u044f"},"image":{"@id":"https:\/\/plaanb.ee\/ru\/#\/schema\/logo\/image\/"}},{"@type":"Person","@id":"https:\/\/plaanb.ee\/ru\/#\/schema\/person\/cd9899e12615cd422523db48fcb0e03a","name":"Adm1n","image":{"@type":"ImageObject","inLanguage":"et","@id":"https:\/\/plaanb.ee\/ru\/#\/schema\/person\/image\/","url":"https:\/\/secure.gravatar.com\/avatar\/de83c5ed8fd361be9ecd21b60979395f6f564ace188bdee879b9867e6525fc34?s=96&d=identicon&r=g","contentUrl":"https:\/\/secure.gravatar.com\/avatar\/de83c5ed8fd361be9ecd21b60979395f6f564ace188bdee879b9867e6525fc34?s=96&d=identicon&r=g","caption":"Adm1n"},"sameAs":["https:\/\/www.plaanb.ee\/ru"],"url":"https:\/\/plaanb.ee\/ru\/author\/adm1n\/"}]}},"_links":{"self":[{"href":"https:\/\/plaanb.ee\/ru\/wp-json\/wp\/v2\/posts\/888","targetHints":{"allow":["GET"]}}],"collection":[{"href":"https:\/\/plaanb.ee\/ru\/wp-json\/wp\/v2\/posts"}],"about":[{"href":"https:\/\/plaanb.ee\/ru\/wp-json\/wp\/v2\/types\/post"}],"author":[{"embeddable":true,"href":"https:\/\/plaanb.ee\/ru\/wp-json\/wp\/v2\/users\/1"}],"replies":[{"embeddable":true,"href":"https:\/\/plaanb.ee\/ru\/wp-json\/wp\/v2\/comments?post=888"}],"version-history":[{"count":4,"href":"https:\/\/plaanb.ee\/ru\/wp-json\/wp\/v2\/posts\/888\/revisions"}],"predecessor-version":[{"id":1127,"href":"https:\/\/plaanb.ee\/ru\/wp-json\/wp\/v2\/posts\/888\/revisions\/1127"}],"wp:featuredmedia":[{"embeddable":true,"href":"https:\/\/plaanb.ee\/ru\/wp-json\/wp\/v2\/media\/889"}],"wp:attachment":[{"href":"https:\/\/plaanb.ee\/ru\/wp-json\/wp\/v2\/media?parent=888"}],"wp:term":[{"taxonomy":"category","embeddable":true,"href":"https:\/\/plaanb.ee\/ru\/wp-json\/wp\/v2\/categories?post=888"},{"taxonomy":"post_tag","embeddable":true,"href":"https:\/\/plaanb.ee\/ru\/wp-json\/wp\/v2\/tags?post=888"}],"curies":[{"name":"wp","href":"https:\/\/api.w.org\/{rel}","templated":true}]}}