{"id":910,"date":"2025-02-23T12:29:57","date_gmt":"2025-02-23T10:29:57","guid":{"rendered":"https:\/\/plaanb.ee\/ru\/?p=910"},"modified":"2025-03-14T15:36:08","modified_gmt":"2025-03-14T13:36:08","slug":"head-vabariigi-107-sunnipaeva-olge-tugevad","status":"publish","type":"post","link":"https:\/\/plaanb.ee\/ru\/2025\/02\/head-vabariigi-107-sunnipaeva-olge-tugevad\/","title":{"rendered":"Andro Roos Nursipalust: Head vabariigi 107. s\u00fcnnip\u00e4eva! Olge tugevad!"},"content":{"rendered":"\n<p>Andro Roos v\u00f5tis 22.02.2025 s\u00f5na Nursipalu keti j\u00e4rgsel koosviibimisel. Veelkord tahame aga esile tuua Maarika Niidumaa ja Tiiu Ritari aktiivset tegevust. Kui ei oleks neid vahvaid naisi ja nende ennastsalgavat t\u00f6\u00f6d, oleks Nursipalu juba h\u00e4vitatud. Aga Nursipalu elab veel ja ka Eesti elab veel. T\u00e4na on kogu Eesti Nursipalu.<\/p>\n\n\n\n<figure class=\"wp-block-embed is-type-video is-provider-youtube wp-block-embed-youtube wp-embed-aspect-16-9 wp-has-aspect-ratio\"><div class=\"wp-block-embed__wrapper\">\n<iframe loading=\"lazy\" title=\"Andro Roos Nursipalu ketis 22.02.2025\" width=\"500\" height=\"281\" src=\"https:\/\/www.youtube.com\/embed\/KjkW5OJEJDs?feature=oembed\" frameborder=\"0\" allow=\"accelerometer; autoplay; clipboard-write; encrypted-media; gyroscope; picture-in-picture; web-share\" referrerpolicy=\"strict-origin-when-cross-origin\" allowfullscreen><\/iframe>\n<\/div><\/figure>\n","protected":false},"excerpt":{"rendered":"<p>Andro Roos v\u00f5tis 22.02.2025 s\u00f5na Nursipalu keti j\u00e4rgsel koosviibimisel. Veelkord tahame aga esile tuua Maarika Niidumaa ja Tiiu Ritari aktiivset tegevust. Kui ei oleks neid vahvaid naisi ja nende ennastsalgavat t\u00f6\u00f6d, oleks Nursipalu juba h\u00e4vitatud. Aga Nursipalu elab veel ja ka Eesti elab veel. T\u00e4na on kogu Eesti Nursipalu.<\/p>\n","protected":false},"author":1,"featured_media":845,"comment_status":"open","ping_status":"open","sticky":false,"template":"","format":"standard","meta":{"footnotes":""},"categories":[78,81,34,8,1],"tags":[13],"class_list":["post-910","post","type-post","status-publish","format-standard","has-post-thumbnail","hentry","category-eesti","category-majandus","category-nursipalu","category-toimunud-syndmused","category-uudised","tag-andro-roos"],"yoast_head":"<!-- This site is optimized with the Yoast SEO plugin v26.2 - https:\/\/yoast.com\/wordpress\/plugins\/seo\/ -->\n<title>Andro Roos Nursipalust: Head vabariigi 107. s\u00fcnnip\u00e4eva! Olge tugevad! - \u041f\u043b\u0430\u043d B \u043f\u0430\u0440\u0442\u0438\u044f<\/title>\n<meta name=\"description\" content=\"Andro Roos v\u00f5tis 22.02.2025 s\u00f5na Nursipalu keti j\u00e4rgsel koosviibimisel. Nursipalu elab veel ja ka Eesti elab veel.\" \/>\n<meta name=\"robots\" content=\"index, follow, max-snippet:-1, max-image-preview:large, max-video-preview:-1\" \/>\n<link rel=\"canonical\" href=\"https:\/\/plaanb.ee\/ru\/2025\/02\/head-vabariigi-107-sunnipaeva-olge-tugevad\/\" \/>\n<meta property=\"og:locale\" content=\"et_EE\" \/>\n<meta property=\"og:type\" content=\"article\" \/>\n<meta property=\"og:title\" content=\"Andro Roos Nursipalust: Head vabariigi 107. s\u00fcnnip\u00e4eva! Olge tugevad! - \u041f\u043b\u0430\u043d B \u043f\u0430\u0440\u0442\u0438\u044f\" \/>\n<meta property=\"og:description\" content=\"Andro Roos v\u00f5tis 22.02.2025 s\u00f5na Nursipalu keti j\u00e4rgsel koosviibimisel. Nursipalu elab veel ja ka Eesti elab veel.\" \/>\n<meta property=\"og:url\" content=\"https:\/\/plaanb.ee\/ru\/2025\/02\/head-vabariigi-107-sunnipaeva-olge-tugevad\/\" \/>\n<meta property=\"og:site_name\" content=\"\u041f\u043b\u0430\u043d B \u043f\u0430\u0440\u0442\u0438\u044f\" \/>\n<meta property=\"article:published_time\" content=\"2025-02-23T10:29:57+00:00\" \/>\n<meta property=\"article:modified_time\" content=\"2025-03-14T13:36:08+00:00\" \/>\n<meta property=\"og:image\" content=\"https:\/\/plaanb.ee\/ru\/wp-content\/uploads\/2025\/02\/eesti-lipp.jpg\" \/>\n\t<meta property=\"og:image:width\" content=\"2048\" \/>\n\t<meta property=\"og:image:height\" content=\"2048\" \/>\n\t<meta property=\"og:image:type\" content=\"image\/jpeg\" \/>\n<meta name=\"author\" content=\"Adm1n\" \/>\n<meta name=\"twitter:card\" content=\"summary_large_image\" \/>\n<meta name=\"twitter:label1\" content=\"Written by\" \/>\n\t<meta name=\"twitter:data1\" content=\"Adm1n\" \/>\n\t<meta name=\"twitter:label2\" content=\"Est. reading time\" \/>\n\t<meta name=\"twitter:data2\" content=\"1 minut\" \/>\n<script type=\"application\/ld+json\" class=\"yoast-schema-graph\">{\"@context\":\"https:\/\/schema.org\",\"@graph\":[{\"@type\":\"Article\",\"@id\":\"https:\/\/plaanb.ee\/ru\/2025\/02\/head-vabariigi-107-sunnipaeva-olge-tugevad\/#article\",\"isPartOf\":{\"@id\":\"https:\/\/plaanb.ee\/ru\/2025\/02\/head-vabariigi-107-sunnipaeva-olge-tugevad\/\"},\"author\":{\"name\":\"Adm1n\",\"@id\":\"https:\/\/plaanb.ee\/ru\/#\/schema\/person\/cd9899e12615cd422523db48fcb0e03a\"},\"headline\":\"Andro Roos Nursipalust: Head vabariigi 107. s\u00fcnnip\u00e4eva! Olge tugevad!\",\"datePublished\":\"2025-02-23T10:29:57+00:00\",\"dateModified\":\"2025-03-14T13:36:08+00:00\",\"mainEntityOfPage\":{\"@id\":\"https:\/\/plaanb.ee\/ru\/2025\/02\/head-vabariigi-107-sunnipaeva-olge-tugevad\/\"},\"wordCount\":72,\"commentCount\":0,\"publisher\":{\"@id\":\"https:\/\/plaanb.ee\/ru\/#organization\"},\"image\":{\"@id\":\"https:\/\/plaanb.ee\/ru\/2025\/02\/head-vabariigi-107-sunnipaeva-olge-tugevad\/#primaryimage\"},\"thumbnailUrl\":\"https:\/\/plaanb.ee\/ru\/wp-content\/uploads\/2025\/02\/eesti-lipp.jpg\",\"keywords\":[\"Andro Roos\"],\"articleSection\":[\"Eesti\",\"Majandus\",\"Nursipalu\",\"Toimunud\",\"Uudised\"],\"inLanguage\":\"et\"},{\"@type\":\"WebPage\",\"@id\":\"https:\/\/plaanb.ee\/ru\/2025\/02\/head-vabariigi-107-sunnipaeva-olge-tugevad\/\",\"url\":\"https:\/\/plaanb.ee\/ru\/2025\/02\/head-vabariigi-107-sunnipaeva-olge-tugevad\/\",\"name\":\"Andro Roos Nursipalust: Head vabariigi 107. s\u00fcnnip\u00e4eva! Olge tugevad! - \u041f\u043b\u0430\u043d B \u043f\u0430\u0440\u0442\u0438\u044f\",\"isPartOf\":{\"@id\":\"https:\/\/plaanb.ee\/ru\/#website\"},\"primaryImageOfPage\":{\"@id\":\"https:\/\/plaanb.ee\/ru\/2025\/02\/head-vabariigi-107-sunnipaeva-olge-tugevad\/#primaryimage\"},\"image\":{\"@id\":\"https:\/\/plaanb.ee\/ru\/2025\/02\/head-vabariigi-107-sunnipaeva-olge-tugevad\/#primaryimage\"},\"thumbnailUrl\":\"https:\/\/plaanb.ee\/ru\/wp-content\/uploads\/2025\/02\/eesti-lipp.jpg\",\"datePublished\":\"2025-02-23T10:29:57+00:00\",\"dateModified\":\"2025-03-14T13:36:08+00:00\",\"description\":\"Andro Roos v\u00f5tis 22.02.2025 s\u00f5na Nursipalu keti j\u00e4rgsel koosviibimisel. Nursipalu elab veel ja ka Eesti elab veel.\",\"breadcrumb\":{\"@id\":\"https:\/\/plaanb.ee\/ru\/2025\/02\/head-vabariigi-107-sunnipaeva-olge-tugevad\/#breadcrumb\"},\"inLanguage\":\"et\",\"potentialAction\":[{\"@type\":\"ReadAction\",\"target\":[\"https:\/\/plaanb.ee\/ru\/2025\/02\/head-vabariigi-107-sunnipaeva-olge-tugevad\/\"]}]},{\"@type\":\"ImageObject\",\"inLanguage\":\"et\",\"@id\":\"https:\/\/plaanb.ee\/ru\/2025\/02\/head-vabariigi-107-sunnipaeva-olge-tugevad\/#primaryimage\",\"url\":\"https:\/\/plaanb.ee\/ru\/wp-content\/uploads\/2025\/02\/eesti-lipp.jpg\",\"contentUrl\":\"https:\/\/plaanb.ee\/ru\/wp-content\/uploads\/2025\/02\/eesti-lipp.jpg\",\"width\":2048,\"height\":2048},{\"@type\":\"BreadcrumbList\",\"@id\":\"https:\/\/plaanb.ee\/ru\/2025\/02\/head-vabariigi-107-sunnipaeva-olge-tugevad\/#breadcrumb\",\"itemListElement\":[{\"@type\":\"ListItem\",\"position\":1,\"name\":\"Home\",\"item\":\"https:\/\/plaanb.ee\/ru\/\"},{\"@type\":\"ListItem\",\"position\":2,\"name\":\"Andro Roos Nursipalust: Head vabariigi 107. s\u00fcnnip\u00e4eva! Olge tugevad!\"}]},{\"@type\":\"WebSite\",\"@id\":\"https:\/\/plaanb.ee\/ru\/#website\",\"url\":\"https:\/\/plaanb.ee\/ru\/\",\"name\":\"\u041f\u043b\u0430\u043d B \u043f\u0430\u0440\u0442\u0438\u044f\",\"description\":\"\u041f\u043b\u0430\u043d B - \u044d\u0442\u043e \u043d\u0435 \u043f\u0440\u043e\u0441\u0442\u043e \u043f\u0430\u0440\u0442\u0438\u044f\",\"publisher\":{\"@id\":\"https:\/\/plaanb.ee\/ru\/#organization\"},\"potentialAction\":[{\"@type\":\"SearchAction\",\"target\":{\"@type\":\"EntryPoint\",\"urlTemplate\":\"https:\/\/plaanb.ee\/ru\/?s={search_term_string}\"},\"query-input\":{\"@type\":\"PropertyValueSpecification\",\"valueRequired\":true,\"valueName\":\"search_term_string\"}}],\"inLanguage\":\"et\"},{\"@type\":\"Organization\",\"@id\":\"https:\/\/plaanb.ee\/ru\/#organization\",\"name\":\"\u041f\u043b\u0430\u043d B \u043f\u0430\u0440\u0442\u0438\u044f\",\"url\":\"https:\/\/plaanb.ee\/ru\/\",\"logo\":{\"@type\":\"ImageObject\",\"inLanguage\":\"et\",\"@id\":\"https:\/\/plaanb.ee\/ru\/#\/schema\/logo\/image\/\",\"url\":\"https:\/\/plaanb.ee\/ru\/wp-content\/uploads\/2025\/08\/plaanb_logo_eestile_2025.webp\",\"contentUrl\":\"https:\/\/plaanb.ee\/ru\/wp-content\/uploads\/2025\/08\/plaanb_logo_eestile_2025.webp\",\"width\":1234,\"height\":392,\"caption\":\"\u041f\u043b\u0430\u043d B \u043f\u0430\u0440\u0442\u0438\u044f\"},\"image\":{\"@id\":\"https:\/\/plaanb.ee\/ru\/#\/schema\/logo\/image\/\"}},{\"@type\":\"Person\",\"@id\":\"https:\/\/plaanb.ee\/ru\/#\/schema\/person\/cd9899e12615cd422523db48fcb0e03a\",\"name\":\"Adm1n\",\"image\":{\"@type\":\"ImageObject\",\"inLanguage\":\"et\",\"@id\":\"https:\/\/plaanb.ee\/ru\/#\/schema\/person\/image\/\",\"url\":\"https:\/\/secure.gravatar.com\/avatar\/de83c5ed8fd361be9ecd21b60979395f6f564ace188bdee879b9867e6525fc34?s=96&d=identicon&r=g\",\"contentUrl\":\"https:\/\/secure.gravatar.com\/avatar\/de83c5ed8fd361be9ecd21b60979395f6f564ace188bdee879b9867e6525fc34?s=96&d=identicon&r=g\",\"caption\":\"Adm1n\"},\"sameAs\":[\"https:\/\/www.plaanb.ee\/ru\"],\"url\":\"https:\/\/plaanb.ee\/ru\/author\/adm1n\/\"}]}<\/script>\n<!-- \/ Yoast SEO plugin. -->","yoast_head_json":{"title":"Andro Roos Nursipalust: Head vabariigi 107. s\u00fcnnip\u00e4eva! Olge tugevad! - \u041f\u043b\u0430\u043d B \u043f\u0430\u0440\u0442\u0438\u044f","description":"Andro Roos v\u00f5tis 22.02.2025 s\u00f5na Nursipalu keti j\u00e4rgsel koosviibimisel. Nursipalu elab veel ja ka Eesti elab veel.","robots":{"index":"index","follow":"follow","max-snippet":"max-snippet:-1","max-image-preview":"max-image-preview:large","max-video-preview":"max-video-preview:-1"},"canonical":"https:\/\/plaanb.ee\/ru\/2025\/02\/head-vabariigi-107-sunnipaeva-olge-tugevad\/","og_locale":"et_EE","og_type":"article","og_title":"Andro Roos Nursipalust: Head vabariigi 107. s\u00fcnnip\u00e4eva! Olge tugevad! - \u041f\u043b\u0430\u043d B \u043f\u0430\u0440\u0442\u0438\u044f","og_description":"Andro Roos v\u00f5tis 22.02.2025 s\u00f5na Nursipalu keti j\u00e4rgsel koosviibimisel. Nursipalu elab veel ja ka Eesti elab veel.","og_url":"https:\/\/plaanb.ee\/ru\/2025\/02\/head-vabariigi-107-sunnipaeva-olge-tugevad\/","og_site_name":"\u041f\u043b\u0430\u043d B \u043f\u0430\u0440\u0442\u0438\u044f","article_published_time":"2025-02-23T10:29:57+00:00","article_modified_time":"2025-03-14T13:36:08+00:00","og_image":[{"width":2048,"height":2048,"url":"https:\/\/plaanb.ee\/ru\/wp-content\/uploads\/2025\/02\/eesti-lipp.jpg","type":"image\/jpeg"}],"author":"Adm1n","twitter_card":"summary_large_image","twitter_misc":{"Written by":"Adm1n","Est. reading time":"1 minut"},"schema":{"@context":"https:\/\/schema.org","@graph":[{"@type":"Article","@id":"https:\/\/plaanb.ee\/ru\/2025\/02\/head-vabariigi-107-sunnipaeva-olge-tugevad\/#article","isPartOf":{"@id":"https:\/\/plaanb.ee\/ru\/2025\/02\/head-vabariigi-107-sunnipaeva-olge-tugevad\/"},"author":{"name":"Adm1n","@id":"https:\/\/plaanb.ee\/ru\/#\/schema\/person\/cd9899e12615cd422523db48fcb0e03a"},"headline":"Andro Roos Nursipalust: Head vabariigi 107. s\u00fcnnip\u00e4eva! Olge tugevad!","datePublished":"2025-02-23T10:29:57+00:00","dateModified":"2025-03-14T13:36:08+00:00","mainEntityOfPage":{"@id":"https:\/\/plaanb.ee\/ru\/2025\/02\/head-vabariigi-107-sunnipaeva-olge-tugevad\/"},"wordCount":72,"commentCount":0,"publisher":{"@id":"https:\/\/plaanb.ee\/ru\/#organization"},"image":{"@id":"https:\/\/plaanb.ee\/ru\/2025\/02\/head-vabariigi-107-sunnipaeva-olge-tugevad\/#primaryimage"},"thumbnailUrl":"https:\/\/plaanb.ee\/ru\/wp-content\/uploads\/2025\/02\/eesti-lipp.jpg","keywords":["Andro Roos"],"articleSection":["Eesti","Majandus","Nursipalu","Toimunud","Uudised"],"inLanguage":"et"},{"@type":"WebPage","@id":"https:\/\/plaanb.ee\/ru\/2025\/02\/head-vabariigi-107-sunnipaeva-olge-tugevad\/","url":"https:\/\/plaanb.ee\/ru\/2025\/02\/head-vabariigi-107-sunnipaeva-olge-tugevad\/","name":"Andro Roos Nursipalust: Head vabariigi 107. s\u00fcnnip\u00e4eva! Olge tugevad! - \u041f\u043b\u0430\u043d B \u043f\u0430\u0440\u0442\u0438\u044f","isPartOf":{"@id":"https:\/\/plaanb.ee\/ru\/#website"},"primaryImageOfPage":{"@id":"https:\/\/plaanb.ee\/ru\/2025\/02\/head-vabariigi-107-sunnipaeva-olge-tugevad\/#primaryimage"},"image":{"@id":"https:\/\/plaanb.ee\/ru\/2025\/02\/head-vabariigi-107-sunnipaeva-olge-tugevad\/#primaryimage"},"thumbnailUrl":"https:\/\/plaanb.ee\/ru\/wp-content\/uploads\/2025\/02\/eesti-lipp.jpg","datePublished":"2025-02-23T10:29:57+00:00","dateModified":"2025-03-14T13:36:08+00:00","description":"Andro Roos v\u00f5tis 22.02.2025 s\u00f5na Nursipalu keti j\u00e4rgsel koosviibimisel. Nursipalu elab veel ja ka Eesti elab veel.","breadcrumb":{"@id":"https:\/\/plaanb.ee\/ru\/2025\/02\/head-vabariigi-107-sunnipaeva-olge-tugevad\/#breadcrumb"},"inLanguage":"et","potentialAction":[{"@type":"ReadAction","target":["https:\/\/plaanb.ee\/ru\/2025\/02\/head-vabariigi-107-sunnipaeva-olge-tugevad\/"]}]},{"@type":"ImageObject","inLanguage":"et","@id":"https:\/\/plaanb.ee\/ru\/2025\/02\/head-vabariigi-107-sunnipaeva-olge-tugevad\/#primaryimage","url":"https:\/\/plaanb.ee\/ru\/wp-content\/uploads\/2025\/02\/eesti-lipp.jpg","contentUrl":"https:\/\/plaanb.ee\/ru\/wp-content\/uploads\/2025\/02\/eesti-lipp.jpg","width":2048,"height":2048},{"@type":"BreadcrumbList","@id":"https:\/\/plaanb.ee\/ru\/2025\/02\/head-vabariigi-107-sunnipaeva-olge-tugevad\/#breadcrumb","itemListElement":[{"@type":"ListItem","position":1,"name":"Home","item":"https:\/\/plaanb.ee\/ru\/"},{"@type":"ListItem","position":2,"name":"Andro Roos Nursipalust: Head vabariigi 107. s\u00fcnnip\u00e4eva! Olge tugevad!"}]},{"@type":"WebSite","@id":"https:\/\/plaanb.ee\/ru\/#website","url":"https:\/\/plaanb.ee\/ru\/","name":"\u041f\u043b\u0430\u043d B \u043f\u0430\u0440\u0442\u0438\u044f","description":"\u041f\u043b\u0430\u043d B - \u044d\u0442\u043e \u043d\u0435 \u043f\u0440\u043e\u0441\u0442\u043e \u043f\u0430\u0440\u0442\u0438\u044f","publisher":{"@id":"https:\/\/plaanb.ee\/ru\/#organization"},"potentialAction":[{"@type":"SearchAction","target":{"@type":"EntryPoint","urlTemplate":"https:\/\/plaanb.ee\/ru\/?s={search_term_string}"},"query-input":{"@type":"PropertyValueSpecification","valueRequired":true,"valueName":"search_term_string"}}],"inLanguage":"et"},{"@type":"Organization","@id":"https:\/\/plaanb.ee\/ru\/#organization","name":"\u041f\u043b\u0430\u043d B \u043f\u0430\u0440\u0442\u0438\u044f","url":"https:\/\/plaanb.ee\/ru\/","logo":{"@type":"ImageObject","inLanguage":"et","@id":"https:\/\/plaanb.ee\/ru\/#\/schema\/logo\/image\/","url":"https:\/\/plaanb.ee\/ru\/wp-content\/uploads\/2025\/08\/plaanb_logo_eestile_2025.webp","contentUrl":"https:\/\/plaanb.ee\/ru\/wp-content\/uploads\/2025\/08\/plaanb_logo_eestile_2025.webp","width":1234,"height":392,"caption":"\u041f\u043b\u0430\u043d B \u043f\u0430\u0440\u0442\u0438\u044f"},"image":{"@id":"https:\/\/plaanb.ee\/ru\/#\/schema\/logo\/image\/"}},{"@type":"Person","@id":"https:\/\/plaanb.ee\/ru\/#\/schema\/person\/cd9899e12615cd422523db48fcb0e03a","name":"Adm1n","image":{"@type":"ImageObject","inLanguage":"et","@id":"https:\/\/plaanb.ee\/ru\/#\/schema\/person\/image\/","url":"https:\/\/secure.gravatar.com\/avatar\/de83c5ed8fd361be9ecd21b60979395f6f564ace188bdee879b9867e6525fc34?s=96&d=identicon&r=g","contentUrl":"https:\/\/secure.gravatar.com\/avatar\/de83c5ed8fd361be9ecd21b60979395f6f564ace188bdee879b9867e6525fc34?s=96&d=identicon&r=g","caption":"Adm1n"},"sameAs":["https:\/\/www.plaanb.ee\/ru"],"url":"https:\/\/plaanb.ee\/ru\/author\/adm1n\/"}]}},"_links":{"self":[{"href":"https:\/\/plaanb.ee\/ru\/wp-json\/wp\/v2\/posts\/910","targetHints":{"allow":["GET"]}}],"collection":[{"href":"https:\/\/plaanb.ee\/ru\/wp-json\/wp\/v2\/posts"}],"about":[{"href":"https:\/\/plaanb.ee\/ru\/wp-json\/wp\/v2\/types\/post"}],"author":[{"embeddable":true,"href":"https:\/\/plaanb.ee\/ru\/wp-json\/wp\/v2\/users\/1"}],"replies":[{"embeddable":true,"href":"https:\/\/plaanb.ee\/ru\/wp-json\/wp\/v2\/comments?post=910"}],"version-history":[{"count":4,"href":"https:\/\/plaanb.ee\/ru\/wp-json\/wp\/v2\/posts\/910\/revisions"}],"predecessor-version":[{"id":1128,"href":"https:\/\/plaanb.ee\/ru\/wp-json\/wp\/v2\/posts\/910\/revisions\/1128"}],"wp:featuredmedia":[{"embeddable":true,"href":"https:\/\/plaanb.ee\/ru\/wp-json\/wp\/v2\/media\/845"}],"wp:attachment":[{"href":"https:\/\/plaanb.ee\/ru\/wp-json\/wp\/v2\/media?parent=910"}],"wp:term":[{"taxonomy":"category","embeddable":true,"href":"https:\/\/plaanb.ee\/ru\/wp-json\/wp\/v2\/categories?post=910"},{"taxonomy":"post_tag","embeddable":true,"href":"https:\/\/plaanb.ee\/ru\/wp-json\/wp\/v2\/tags?post=910"}],"curies":[{"name":"wp","href":"https:\/\/api.w.org\/{rel}","templated":true}]}}